{"id":143,"date":"2026-03-12T14:46:45","date_gmt":"2026-03-12T13:46:45","guid":{"rendered":"https:\/\/snesup-orleans.fr\/?p=143"},"modified":"2026-03-13T09:34:36","modified_gmt":"2026-03-13T08:34:36","slug":"primes-le-president-blond-refuse-dappliquer-le-droit","status":"publish","type":"post","link":"https:\/\/snesup-orleans.fr\/index.php\/2026\/03\/12\/primes-le-president-blond-refuse-dappliquer-le-droit\/","title":{"rendered":"Primes : le pr\u00e9sident Blond refuse d&#8217;appliquer le droit"},"content":{"rendered":"\n<p>Depuis janvier 2024, le pr\u00e9sident Blond entend recouvrer des primes (plus d&#8217;un mois de salaire quand m\u00eame) des coll\u00e8gues enseignants ou enseignants-chercheurs dont le service s&#8217;av\u00e8re incomplet en fin d&#8217;ann\u00e9e. D\u00e8s <a href=\"https:\/\/snesup-orleans.fr\/index.php\/2024\/02\/17\/non-la-presidence-na-pas-le-droit-de-reprendre-les-primes-fonctionnelles\/\">f\u00e9vrier 2024<\/a>, nous informions que c&#8217;\u00e9tait une interpr\u00e9tation erron\u00e9e du cadre l\u00e9gal : la prime peut \u00eatre l\u00e9gitimement retir\u00e9e si quelqu&#8217;un n&#8217;assure pas les cours qui lui sont confi\u00e9s ; mais pas si les cours sont annul\u00e9s parce que le nombre de groupes TD est r\u00e9duit en cours d&#8217;ann\u00e9e ou, comme ce sera massivement le cas l&#8217;an prochain, si une r\u00e9forme de la formation des enseignants change compl\u00e8tement les maquettes et r\u00e9duit les heures \u00e0 r\u00e9partir dans une discipline ou une composante. Plusieurs coll\u00e8gues avaient obtenu gain de cause au Conseil d&#8217;administration en 2024, d&#8217;autres ont d\u00fb avoir recours au tribunal administratif, la proc\u00e9dure est en cours.<\/p>\n\n\n\n<p>L&#8217;interpr\u00e9tation du pr\u00e9sident Blond est tellement choquante que le minist\u00e8re s&#8217;en est \u00e9mu et a ajout\u00e9, sp\u00e9cifiquement pour l&#8217;Universit\u00e9 d&#8217;Orl\u00e9ans, un paragraphe \u00e0 l&#8217;occasion de la parution de la &#8220;<a href=\"http:\/\/snesup-orleans.fr\/wp-content\/uploads\/2026\/03\/TexteESAS.pdf\">Fiche de pr\u00e9sentation concernant divers textes r\u00e9glementaires relatifs \u00e0 la situation des enseignants de l&#8217;enseignement scolaire affect\u00e9s dans l&#8217;enseignement sup\u00e9rieur (ESAS)<\/a>&#8220;. Le paragraphe vise &#8220;\u00e0 clarifier le fait qu&#8217;un \u00e9tablissement n&#8217;est autoris\u00e9 \u00e0 suspendre la&nbsp;prime&nbsp;d&#8217;enseignement sup\u00e9rieur que lorsqu&#8217;un enseignant n&#8217;accomplit pas l&#8217;int\u00e9gralit\u00e9 des attributions individuelles de service&nbsp;<strong>telles qu&#8217;arr\u00eat\u00e9es par le pr\u00e9sident ou le directeur de l&#8217;\u00e9tablissement<\/strong>.&#8221; C&#8217;est donc bien au pr\u00e9sident, ou aux composantes, de r\u00e9partir coll\u00e9gialement les enseignements, ce que le d\u00e9cret appelle un &#8220;tableau de service&#8221;, en d\u00e9but d&#8217;ann\u00e9e. Et non \u00e0 chacun de se d\u00e9brouiller pour trouver des heures en cours d&#8217;ann\u00e9e.<\/p>\n\n\n\n<p>Le minist\u00e8re a transmis cette fiche aux pr\u00e9sidents d&#8217;universit\u00e9 en d\u00e9cembre 2025. Nous avons \u00e9crit au pr\u00e9sident Blond le 16 janvier 2026 pour savoir comment seraient annul\u00e9es les proc\u00e9dures en cours et comment les coll\u00e8gues injustement pr\u00e9lev\u00e9s seraient rembours\u00e9s. Deux mois plus tard, et apr\u00e8s de nombreuses relances, nous n&#8217;avons re\u00e7u aucune r\u00e9ponse formelle.<\/p>\n\n\n\n<p>Le pr\u00e9sident Blond a pourtant bien re\u00e7u et compris la fiche : il refuse tout simplement de l&#8217;appliquer. En CSA, le 2 mars, M. Blond propose plut\u00f4t de faire changer les textes r\u00e9glementaires pour imposer ses m\u00e9thodes autoritaires \u00e0 l&#8217;\u00e9chelle nationale. Non, le droit du travail ne fonctionne pas comme \u00e7a. Le pr\u00e9sident n&#8217;a pas le pouvoir de l&#8217;appliquer \u00e0 son bon vouloir, ni d&#8217;intimider celles et ceux qui s&#8217;inqui\u00e8tent d\u00e9j\u00e0 des effets brutaux des r\u00e9formes et de l&#8217;aust\u00e9rit\u00e9 budg\u00e9taire. Le Snesup accompagne et accompagnera les personnels l\u00e9s\u00e9s. Ne restez pas seuls, syndiquez-vous !<\/p>\n","protected":false},"excerpt":{"rendered":"<p>Depuis janvier 2024, le pr\u00e9sident Blond entend recouvrer des primes (plus d&#8217;un mois de salaire quand m\u00eame) des coll\u00e8gues enseignants<\/p>\n","protected":false},"author":3,"featured_media":0,"comment_status":"closed","ping_status":"open","sticky":false,"template":"","format":"standard","meta":{"footnotes":""},"categories":[7],"tags":[17,18],"class_list":["post-143","post","type-post","status-publish","format-standard","hentry","category-conditions-de-travail","tag-prime-fonctionnelle","tag-services","comments-off"],"_links":{"self":[{"href":"https:\/\/snesup-orleans.fr\/index.php\/wp-json\/wp\/v2\/posts\/143","targetHints":{"allow":["GET"]}}],"collection":[{"href":"https:\/\/snesup-orleans.fr\/index.php\/wp-json\/wp\/v2\/posts"}],"about":[{"href":"https:\/\/snesup-orleans.fr\/index.php\/wp-json\/wp\/v2\/types\/post"}],"author":[{"embeddable":true,"href":"https:\/\/snesup-orleans.fr\/index.php\/wp-json\/wp\/v2\/users\/3"}],"replies":[{"embeddable":true,"href":"https:\/\/snesup-orleans.fr\/index.php\/wp-json\/wp\/v2\/comments?post=143"}],"version-history":[{"count":3,"href":"https:\/\/snesup-orleans.fr\/index.php\/wp-json\/wp\/v2\/posts\/143\/revisions"}],"predecessor-version":[{"id":148,"href":"https:\/\/snesup-orleans.fr\/index.php\/wp-json\/wp\/v2\/posts\/143\/revisions\/148"}],"wp:attachment":[{"href":"https:\/\/snesup-orleans.fr\/index.php\/wp-json\/wp\/v2\/media?parent=143"}],"wp:term":[{"taxonomy":"category","embeddable":true,"href":"https:\/\/snesup-orleans.fr\/index.php\/wp-json\/wp\/v2\/categories?post=143"},{"taxonomy":"post_tag","embeddable":true,"href":"https:\/\/snesup-orleans.fr\/index.php\/wp-json\/wp\/v2\/tags?post=143"}],"curies":[{"name":"wp","href":"https:\/\/api.w.org\/{rel}","templated":true}]}}